{"id":11099,"date":"2026-01-26T12:31:06","date_gmt":"2026-01-26T12:31:06","guid":{"rendered":"https:\/\/www.clinicasdentalescaser.es\/blog\/?p=11099"},"modified":"2026-01-26T12:31:06","modified_gmt":"2026-01-26T12:31:06","slug":"como-afecta-el-frio-a-tus-encias-causas-prevencion-y-cuidados-en-invierno","status":"publish","type":"post","link":"https:\/\/www.clinicasdentalescaser.es\/blog\/como-afecta-el-frio-a-tus-encias-causas-prevencion-y-cuidados-en-invierno","title":{"rendered":"C\u00f3mo afecta el fr\u00edo a tus enc\u00edas: causas, prevenci\u00f3n y cuidados en invierno"},"content":{"rendered":"\n<p><\/p>\n\n\n\n<p>Con la llegada del invierno y las bajas temperaturas, nuestro cuerpo nota los cambios\u2026 y la boca no es una excepci\u00f3n. Muchas personas experimentan molestias en las enc\u00edas durante los meses fr\u00edos sin saber exactamente por qu\u00e9 ocurre. Inflamaci\u00f3n, sangrado, sensibilidad o incluso retracci\u00f3n gingival son algunos de los problemas m\u00e1s habituales en esta \u00e9poca del a\u00f1o.<\/p>\n\n\n\n<p>Enero es un momento clave para prestar atenci\u00f3n a la salud de tus enc\u00edas y prevenir posibles complicaciones. Te explicamos <strong>c\u00f3mo afecta el fr\u00edo a las enc\u00edas<\/strong>, cu\u00e1les son las principales causas, qu\u00e9 problemas pueden aparecer y qu\u00e9 cuidados extra debes tener durante el invierno para mantener una sonrisa sana.<\/p>\n\n\n\n<p class=\"has-medium-font-size\"><strong>\u00bfPor qu\u00e9 el fr\u00edo afecta a las enc\u00edas?<\/strong><\/p>\n\n\n\n<p>El fr\u00edo provoca una <strong>vasoconstricci\u00f3n<\/strong>, es decir, una reducci\u00f3n del flujo sangu\u00edneo en los tejidos. Esto puede hacer que las enc\u00edas est\u00e9n m\u00e1s sensibles y vulnerables frente a bacterias y agentes externos. Adem\u00e1s, durante el invierno solemos cambiar ciertos h\u00e1bitos que tambi\u00e9n influyen negativamente en la salud bucodental.<\/p>\n\n\n\n<p>Algunos factores comunes del invierno que afectan a las enc\u00edas son:<\/p>\n\n\n\n<ul class=\"wp-block-list\">\n<li>Descenso de las defensas del organismo.<\/li>\n\n\n\n<li>Cambios en la rutina de higiene bucal.<\/li>\n\n\n\n<li>Consumo de alimentos m\u00e1s azucarados o cal\u00f3ricos.<\/li>\n\n\n\n<li>Respiraci\u00f3n bucal por resfriados o congesti\u00f3n nasal.<\/li>\n\n\n\n<li>Mayor sensibilidad dental por el contraste de temperaturas.<\/li>\n<\/ul>\n\n\n\n<p>Todo esto crea un entorno propicio para la aparici\u00f3n de problemas gingivales si no se toman las medidas adecuadas.<\/p>\n\n\n\n<p class=\"has-medium-font-size\"><strong>Principales problemas de enc\u00edas en invierno<\/strong><\/p>\n\n\n\n<p><strong>Inflamaci\u00f3n de las enc\u00edas<\/strong><\/p>\n\n\n\n<p>La inflamaci\u00f3n gingival es uno de los primeros signos de que algo no va bien. Las enc\u00edas pueden verse m\u00e1s rojas, hinchadas y sensibles al tacto. El fr\u00edo, junto con la acumulaci\u00f3n de placa bacteriana, favorece la aparici\u00f3n de gingivitis, una afecci\u00f3n muy com\u00fan pero totalmente reversible si se trata a tiempo.<\/p>\n\n\n\n<p><strong>Sangrado al cepillarse<\/strong><\/p>\n\n\n\n<p>El sangrado de enc\u00edas no es normal, aunque muchas personas lo asuman como algo habitual en invierno. Puede ser consecuencia de la inflamaci\u00f3n, de un cepillado inadecuado o de una higiene deficiente. Ignorar este s\u00edntoma puede derivar en problemas m\u00e1s serios como la periodontitis.<\/p>\n\n\n\n<p><strong>Retracci\u00f3n de las enc\u00edas<\/strong><\/p>\n\n\n\n<p>La retracci\u00f3n gingival consiste en el retroceso de la enc\u00eda, dejando parte del diente o de la ra\u00edz al descubierto. En invierno, la sensibilidad al fr\u00edo puede aumentar esta sensaci\u00f3n y hacer m\u00e1s evidente el problema. La retracci\u00f3n no solo afecta a la est\u00e9tica, sino tambi\u00e9n a la protecci\u00f3n del diente.<\/p>\n\n\n\n<p><strong>Mayor sensibilidad dental<\/strong><\/p>\n\n\n\n<p>Cuando las enc\u00edas est\u00e1n inflamadas o retra\u00eddas, los dientes quedan m\u00e1s expuestos a est\u00edmulos externos. El aire fr\u00edo, las bebidas calientes o los cambios bruscos de temperatura pueden provocar molestias intensas.<\/p>\n\n\n\n<figure class=\"wp-block-image size-large\"><img fetchpriority=\"high\" decoding=\"async\" width=\"1024\" height=\"540\" src=\"https:\/\/www.clinicasdentalescaser.es\/blog\/wp-content\/uploads\/2026\/01\/image-1-1024x540.jpeg\" alt=\"\" class=\"wp-image-11101\" srcset=\"https:\/\/www.clinicasdentalescaser.es\/blog\/wp-content\/uploads\/2026\/01\/image-1-1024x540.jpeg 1024w, https:\/\/www.clinicasdentalescaser.es\/blog\/wp-content\/uploads\/2026\/01\/image-1-300x158.jpeg 300w, https:\/\/www.clinicasdentalescaser.es\/blog\/wp-content\/uploads\/2026\/01\/image-1-768x405.jpeg 768w, https:\/\/www.clinicasdentalescaser.es\/blog\/wp-content\/uploads\/2026\/01\/image-1.jpeg 1298w\" sizes=\"(max-width: 1024px) 100vw, 1024px\" \/><\/figure>\n\n\n\n<p class=\"has-medium-font-size\"><strong>Causas m\u00e1s frecuentes de los problemas de enc\u00edas en invierno<\/strong><\/p>\n\n\n\n<p>Entre las causas m\u00e1s habituales encontramos:<\/p>\n\n\n\n<ul class=\"wp-block-list\">\n<li>Acumulaci\u00f3n de placa bacteriana y sarro.<\/li>\n\n\n\n<li>Cepillado agresivo o uso de cepillos inadecuados.<\/li>\n\n\n\n<li>Falta de hidrataci\u00f3n, que reduce la producci\u00f3n de saliva.<\/li>\n\n\n\n<li>Bajada de defensas del sistema inmunol\u00f3gico.<\/li>\n\n\n\n<li>No acudir a revisiones dentales peri\u00f3dicas.<\/li>\n<\/ul>\n\n\n\n<p>Identificar la causa es fundamental para aplicar el tratamiento adecuado y evitar que el problema avance.<\/p>\n\n\n\n<p class=\"has-medium-font-size\"><strong>Cuidados extra para tus enc\u00edas durante el invierno<\/strong><\/p>\n\n\n\n<p>Para prevenir la inflamaci\u00f3n, el sangrado y la retracci\u00f3n de las enc\u00edas en los meses fr\u00edos, es importante reforzar la rutina de cuidado bucal:<\/p>\n\n\n\n<p class=\"has-medium-font-size\"><strong>Mant\u00e9n una higiene bucal completa<\/strong><\/p>\n\n\n\n<ul class=\"wp-block-list\">\n<li>Cep\u00edllate los dientes al menos dos veces al d\u00eda con un cepillo de cerdas suaves.<\/li>\n\n\n\n<li>Utiliza hilo dental o cepillos interdentales para eliminar la placa entre los dientes.<\/li>\n\n\n\n<li>Complementa con un colutorio espec\u00edfico para enc\u00edas sensibles.<\/li>\n<\/ul>\n\n\n\n<p><strong>Hidr\u00e1tate correctamente<\/strong><\/p>\n\n\n\n<p>Beber suficiente agua ayuda a mantener una buena producci\u00f3n de saliva, que act\u00faa como defensa natural frente a las bacterias.<\/p>\n\n\n\n<p><strong>Evita cambios bruscos de temperatura<\/strong><\/p>\n\n\n\n<p>Reducir el contraste entre alimentos muy fr\u00edos y muy calientes puede disminuir la sensibilidad dental y las molestias en las enc\u00edas.<\/p>\n\n\n\n<p><strong>Refuerza tus defensas<\/strong><\/p>\n\n\n\n<p>Una alimentaci\u00f3n equilibrada rica en vitaminas, especialmente vitamina C, contribuye a mantener unas enc\u00edas sanas.<\/p>\n\n\n\n<figure class=\"wp-block-image size-large\"><img decoding=\"async\" width=\"1024\" height=\"683\" src=\"https:\/\/www.clinicasdentalescaser.es\/blog\/wp-content\/uploads\/2026\/01\/image-2-1024x683.jpeg\" alt=\"\" class=\"wp-image-11102\" srcset=\"https:\/\/www.clinicasdentalescaser.es\/blog\/wp-content\/uploads\/2026\/01\/image-2-1024x683.jpeg 1024w, https:\/\/www.clinicasdentalescaser.es\/blog\/wp-content\/uploads\/2026\/01\/image-2-300x200.jpeg 300w, https:\/\/www.clinicasdentalescaser.es\/blog\/wp-content\/uploads\/2026\/01\/image-2-768x513.jpeg 768w, https:\/\/www.clinicasdentalescaser.es\/blog\/wp-content\/uploads\/2026\/01\/image-2.jpeg 1299w\" sizes=\"(max-width: 1024px) 100vw, 1024px\" \/><\/figure>\n\n\n\n<p><strong>Acude a revisiones dentales<\/strong><\/p>\n\n\n\n<p>Las revisiones peri\u00f3dicas permiten detectar problemas de enc\u00edas en fases tempranas y aplicar tratamientos preventivos o correctivos a tiempo.<\/p>\n\n\n\n<p class=\"has-medium-font-size\"><strong>La importancia de tratar a tiempo los problemas de enc\u00edas<\/strong><\/p>\n\n\n\n<p>Muchas enfermedades periodontales comienzan con s\u00edntomas leves como inflamaci\u00f3n o sangrado. Si no se tratan, pueden evolucionar hacia problemas m\u00e1s graves que afecten al hueso y provoquen la p\u00e9rdida de dientes.<\/p>\n\n\n\n<p>El invierno es una \u00e9poca clave para prestar atenci\u00f3n a estas se\u00f1ales y actuar cuanto antes. Un diagn\u00f3stico precoz marca la diferencia entre un tratamiento sencillo y uno m\u00e1s complejo.<\/p>\n\n\n\n<p class=\"has-medium-font-size\"><strong>Cuida tus enc\u00edas este invierno con Cl\u00ednicas Dentales Caser<\/strong><\/p>\n\n\n\n<p>En <strong>Cl\u00ednicas Dentales Caser<\/strong> contamos con especialistas en salud periodontal que te ayudar\u00e1n a prevenir y tratar los problemas de enc\u00edas, especialmente durante los meses de fr\u00edo. Realizamos revisiones completas y tratamientos personalizados para que tu sonrisa est\u00e9 protegida todo el a\u00f1o.<\/p>\n\n\n\n<p>Si notas inflamaci\u00f3n, sangrado, sensibilidad o cualquier molestia en las enc\u00edas, <strong>no lo dejes pasar<\/strong>. Pide tu cita en <a href=\"https:\/\/www.clinicasdentalescaser.es\/cita-online\"><strong>Cl\u00ednicas Dentales Caser<\/strong> y deja tu salud bucodental en manos de profesionales.<\/a><\/p>\n\n\n\n<p><strong>Este invierno, protege tus enc\u00edas y sonr\u00ede con tranquilidad gracias a Cl\u00ednicas Dentales Caser.<\/strong><\/p>\n","protected":false},"excerpt":{"rendered":"<p>Con la llegada del invierno y las bajas temperaturas, nuestro cuerpo nota los cambios\u2026 y la boca no es una excepci\u00f3n. Muchas personas experimentan molestias en las enc\u00edas durante los meses fr\u00edos sin saber exactamente por qu\u00e9 ocurre. Inflamaci\u00f3n, sangrado, sensibilidad o incluso retracci\u00f3n gingival son algunos de los problemas m\u00e1s habituales en esta \u00e9poca [&hellip;]<\/p>\n","protected":false},"author":7,"featured_media":11100,"comment_status":"open","ping_status":"open","sticky":false,"template":"","format":"standard","meta":{"footnotes":""},"categories":[1],"tags":[],"class_list":["post-11099","post","type-post","status-publish","format-standard","has-post-thumbnail","hentry","category-uncategorized"],"_links":{"self":[{"href":"https:\/\/www.clinicasdentalescaser.es\/blog\/wp-json\/wp\/v2\/posts\/11099","targetHints":{"allow":["GET"]}}],"collection":[{"href":"https:\/\/www.clinicasdentalescaser.es\/blog\/wp-json\/wp\/v2\/posts"}],"about":[{"href":"https:\/\/www.clinicasdentalescaser.es\/blog\/wp-json\/wp\/v2\/types\/post"}],"author":[{"embeddable":true,"href":"https:\/\/www.clinicasdentalescaser.es\/blog\/wp-json\/wp\/v2\/users\/7"}],"replies":[{"embeddable":true,"href":"https:\/\/www.clinicasdentalescaser.es\/blog\/wp-json\/wp\/v2\/comments?post=11099"}],"version-history":[{"count":1,"href":"https:\/\/www.clinicasdentalescaser.es\/blog\/wp-json\/wp\/v2\/posts\/11099\/revisions"}],"predecessor-version":[{"id":11103,"href":"https:\/\/www.clinicasdentalescaser.es\/blog\/wp-json\/wp\/v2\/posts\/11099\/revisions\/11103"}],"wp:featuredmedia":[{"embeddable":true,"href":"https:\/\/www.clinicasdentalescaser.es\/blog\/wp-json\/wp\/v2\/media\/11100"}],"wp:attachment":[{"href":"https:\/\/www.clinicasdentalescaser.es\/blog\/wp-json\/wp\/v2\/media?parent=11099"}],"wp:term":[{"taxonomy":"category","embeddable":true,"href":"https:\/\/www.clinicasdentalescaser.es\/blog\/wp-json\/wp\/v2\/categories?post=11099"},{"taxonomy":"post_tag","embeddable":true,"href":"https:\/\/www.clinicasdentalescaser.es\/blog\/wp-json\/wp\/v2\/tags?post=11099"}],"curies":[{"name":"wp","href":"https:\/\/api.w.org\/{rel}","templated":true}]}}